{"id":1064,"date":"2025-04-30T12:11:05","date_gmt":"2025-04-30T15:11:05","guid":{"rendered":"https:\/\/106fm.com.br\/site\/?p=1064"},"modified":"2025-05-01T14:12:41","modified_gmt":"2025-05-01T17:12:41","slug":"prf-inicia-operacao-dia-do-trabalho-nas-rodovias-federais-do-rn","status":"publish","type":"post","link":"https:\/\/106fm.com.br\/site\/prf-inicia-operacao-dia-do-trabalho-nas-rodovias-federais-do-rn\/","title":{"rendered":"PRF inicia Opera\u00e7\u00e3o Dia do Trabalho nas rodovias federais do RN"},"content":{"rendered":"<article class=\"elementor-post elementor-grid-item post-1270307 post type-post status-publish format-standard hentry category-notas\">\n<div class=\"elementor-post__text\">\n<p><img fetchpriority=\"high\" decoding=\"async\" class=\"alignleft wp-image-1065 size-full\" src=\"https:\/\/106fm.com.br\/site\/wp-content\/uploads\/2025\/04\/PRF.jpg\" alt=\"\" width=\"430\" height=\"285\" srcset=\"https:\/\/106fm.com.br\/site\/wp-content\/uploads\/2025\/04\/PRF.jpg 430w, https:\/\/106fm.com.br\/site\/wp-content\/uploads\/2025\/04\/PRF-300x199.jpg 300w\" sizes=\"(max-width: 430px) 100vw, 430px\" \/><\/p>\n<p style=\"text-align: justify;\">A Pol\u00edcia Rodovi\u00e1ria Federal (PRF) deu in\u00edcio nesta quarta-feira (30) \u00e0 Opera\u00e7\u00e3o Dia do Trabalho 2025 nas rodovias federais do Rio Grande do Norte (RN). A a\u00e7\u00e3o seguir\u00e1 at\u00e9 as 23h59 do pr\u00f3ximo domingo, 4 de maio, com foco no aumento da seguran\u00e7a vi\u00e1ria durante o feriado prolongado.<\/p>\n<p style=\"text-align: justify;\">Durante esse per\u00edodo, haver\u00e1 refor\u00e7o no policiamento e intensifica\u00e7\u00e3o das fiscaliza\u00e7\u00f5es em trechos considerados cr\u00edticos, tanto pelo volume de tr\u00e1fego quanto pelo hist\u00f3rico de acidentes.<\/p>\n<p style=\"text-align: justify;\"><strong>Preven\u00e7\u00e3o de acidentes \u00e9 prioridade<\/strong><\/p>\n<p style=\"text-align: justify;\">O principal objetivo da Opera\u00e7\u00e3o Dia do Trabalho PRF RN \u00e9 a preven\u00e7\u00e3o de sinistros de tr\u00e2nsito, com \u00eanfase no combate a excesso de velocidade e condu\u00e7\u00e3o sob efeito de \u00e1lcool. Equipes da PRF estar\u00e3o posicionadas estrategicamente nos pontos de maior movimenta\u00e7\u00e3o para coibir essas infra\u00e7\u00f5es.<\/p>\n<p style=\"text-align: justify;\"><strong>A\u00e7\u00f5es educativas e orienta\u00e7\u00e3o aos motoristas<\/strong><\/p>\n<p style=\"text-align: justify;\">Al\u00e9m da fiscaliza\u00e7\u00e3o, a PRF vai realizar a\u00e7\u00f5es educativas voltadas para motoristas e passageiros. As atividades buscam refor\u00e7ar a import\u00e2ncia de atitudes respons\u00e1veis no tr\u00e2nsito, como:<\/p>\n<ul class=\"wp-block-list\">\n<li>Respeitar os limites de velocidade;<\/li>\n<li>Evitar o uso de bebidas alco\u00f3licas antes de dirigir;<\/li>\n<li>Realizar a revis\u00e3o do ve\u00edculo antes de viajar;<\/li>\n<li>Planejar o trajeto com anteced\u00eancia.<\/li>\n<\/ul>\n<p style=\"text-align: justify;\"><strong>Feriado aumenta fluxo de ve\u00edculos nas estradas<\/strong><\/p>\n<\/div>\n<\/article>\n<div class=\"code-block code-block-2\">\n<div class=\"adcmdr-group adcmdr-group-18329 adcmdr-group--single adcmdr-ad-resp\">\n<p style=\"text-align: justify;\">O feriado do Dia do Trabalho costuma provocar aumento significativo no fluxo de ve\u00edculos, especialmente em dire\u00e7\u00e3o ao litoral e ao interior do estado. A PRF refor\u00e7a a import\u00e2ncia de cuidados extras nesse per\u00edodo, tanto para quem vai viajar quanto para os que utilizam as rodovias diariamente.<\/p>\n<p><em>Ponta Negra News<\/em><\/p>\n<\/div>\n<\/div>\n","protected":false},"excerpt":{"rendered":"<p>A Pol\u00edcia Rodovi\u00e1ria Federal (PRF) deu in\u00edcio nesta quarta-feira (30) \u00e0 Opera\u00e7\u00e3o Dia do Trabalho 2025 nas rodovias federais do Rio Grande do Norte (RN). A a\u00e7\u00e3o seguir\u00e1 at\u00e9 as 23h59 do pr\u00f3ximo domingo, 4 de maio, com foco no aumento da seguran\u00e7a vi\u00e1ria durante o feriado prolongado. Durante esse per\u00edodo, haver\u00e1 refor\u00e7o no policiamento [&hellip;]<\/p>\n","protected":false},"author":5,"featured_media":1065,"comment_status":"open","ping_status":"open","sticky":false,"template":"","format":"standard","meta":{"inline_featured_image":false,"footnotes":""},"categories":[10],"tags":[22],"class_list":["post-1064","post","type-post","status-publish","format-standard","has-post-thumbnail","hentry","category-blog","tag-prf"],"yoast_head":"<!-- This site is optimized with the Yoast SEO plugin v23.0 - https:\/\/yoast.com\/wordpress\/plugins\/seo\/ -->\n<title>PRF inicia Opera\u00e7\u00e3o Dia do Trabalho nas rodovias federais do RN - 106 FM<\/title>\n<meta name=\"robots\" content=\"index, follow, max-snippet:-1, max-image-preview:large, max-video-preview:-1\" \/>\n<link rel=\"canonical\" href=\"https:\/\/106fm.com.br\/site\/prf-inicia-operacao-dia-do-trabalho-nas-rodovias-federais-do-rn\/\" \/>\n<meta property=\"og:locale\" content=\"pt_BR\" \/>\n<meta property=\"og:type\" content=\"article\" \/>\n<meta property=\"og:title\" content=\"PRF inicia Opera\u00e7\u00e3o Dia do Trabalho nas rodovias federais do RN - 106 FM\" \/>\n<meta property=\"og:description\" content=\"A Pol\u00edcia Rodovi\u00e1ria Federal (PRF) deu in\u00edcio nesta quarta-feira (30) \u00e0 Opera\u00e7\u00e3o Dia do Trabalho 2025 nas rodovias federais do Rio Grande do Norte (RN). A a\u00e7\u00e3o seguir\u00e1 at\u00e9 as 23h59 do pr\u00f3ximo domingo, 4 de maio, com foco no aumento da seguran\u00e7a vi\u00e1ria durante o feriado prolongado. Durante esse per\u00edodo, haver\u00e1 refor\u00e7o no policiamento [&hellip;]\" \/>\n<meta property=\"og:url\" content=\"https:\/\/106fm.com.br\/site\/prf-inicia-operacao-dia-do-trabalho-nas-rodovias-federais-do-rn\/\" \/>\n<meta property=\"og:site_name\" content=\"106 FM\" \/>\n<meta property=\"article:publisher\" content=\"https:\/\/www.facebook.com\/106fmcaico\" \/>\n<meta property=\"article:published_time\" content=\"2025-04-30T15:11:05+00:00\" \/>\n<meta property=\"article:modified_time\" content=\"2025-05-01T17:12:41+00:00\" \/>\n<meta property=\"og:image\" content=\"https:\/\/106fm.com.br\/site\/wp-content\/uploads\/2025\/04\/PRF.jpg\" \/>\n\t<meta property=\"og:image:width\" content=\"430\" \/>\n\t<meta property=\"og:image:height\" content=\"285\" \/>\n\t<meta property=\"og:image:type\" content=\"image\/jpeg\" \/>\n<meta name=\"author\" content=\"Reda\u00e7\u00e3o\" \/>\n<meta name=\"twitter:card\" content=\"summary_large_image\" \/>\n<meta name=\"twitter:label1\" content=\"Escrito por\" \/>\n\t<meta name=\"twitter:data1\" content=\"Reda\u00e7\u00e3o\" \/>\n\t<meta name=\"twitter:label2\" content=\"Est. tempo de leitura\" \/>\n\t<meta name=\"twitter:data2\" content=\"2 minutos\" \/>\n<script type=\"application\/ld+json\" class=\"yoast-schema-graph\">{\"@context\":\"https:\/\/schema.org\",\"@graph\":[{\"@type\":\"Article\",\"@id\":\"https:\/\/106fm.com.br\/site\/prf-inicia-operacao-dia-do-trabalho-nas-rodovias-federais-do-rn\/#article\",\"isPartOf\":{\"@id\":\"https:\/\/106fm.com.br\/site\/prf-inicia-operacao-dia-do-trabalho-nas-rodovias-federais-do-rn\/\"},\"author\":{\"name\":\"Reda\u00e7\u00e3o\",\"@id\":\"https:\/\/106fm.com.br\/site\/#\/schema\/person\/98401c099e583e80d51ee4aa6177cf74\"},\"headline\":\"PRF inicia Opera\u00e7\u00e3o Dia do Trabalho nas rodovias federais do RN\",\"datePublished\":\"2025-04-30T15:11:05+00:00\",\"dateModified\":\"2025-05-01T17:12:41+00:00\",\"mainEntityOfPage\":{\"@id\":\"https:\/\/106fm.com.br\/site\/prf-inicia-operacao-dia-do-trabalho-nas-rodovias-federais-do-rn\/\"},\"wordCount\":288,\"commentCount\":0,\"publisher\":{\"@id\":\"https:\/\/106fm.com.br\/site\/#organization\"},\"image\":{\"@id\":\"https:\/\/106fm.com.br\/site\/prf-inicia-operacao-dia-do-trabalho-nas-rodovias-federais-do-rn\/#primaryimage\"},\"thumbnailUrl\":\"https:\/\/106fm.com.br\/site\/wp-content\/uploads\/2025\/04\/PRF.jpg\",\"keywords\":[\"PRF\"],\"articleSection\":[\"Blog\"],\"inLanguage\":\"pt-BR\",\"potentialAction\":[{\"@type\":\"CommentAction\",\"name\":\"Comment\",\"target\":[\"https:\/\/106fm.com.br\/site\/prf-inicia-operacao-dia-do-trabalho-nas-rodovias-federais-do-rn\/#respond\"]}]},{\"@type\":\"WebPage\",\"@id\":\"https:\/\/106fm.com.br\/site\/prf-inicia-operacao-dia-do-trabalho-nas-rodovias-federais-do-rn\/\",\"url\":\"https:\/\/106fm.com.br\/site\/prf-inicia-operacao-dia-do-trabalho-nas-rodovias-federais-do-rn\/\",\"name\":\"PRF inicia Opera\u00e7\u00e3o Dia do Trabalho nas rodovias federais do RN - 106 FM\",\"isPartOf\":{\"@id\":\"https:\/\/106fm.com.br\/site\/#website\"},\"primaryImageOfPage\":{\"@id\":\"https:\/\/106fm.com.br\/site\/prf-inicia-operacao-dia-do-trabalho-nas-rodovias-federais-do-rn\/#primaryimage\"},\"image\":{\"@id\":\"https:\/\/106fm.com.br\/site\/prf-inicia-operacao-dia-do-trabalho-nas-rodovias-federais-do-rn\/#primaryimage\"},\"thumbnailUrl\":\"https:\/\/106fm.com.br\/site\/wp-content\/uploads\/2025\/04\/PRF.jpg\",\"datePublished\":\"2025-04-30T15:11:05+00:00\",\"dateModified\":\"2025-05-01T17:12:41+00:00\",\"breadcrumb\":{\"@id\":\"https:\/\/106fm.com.br\/site\/prf-inicia-operacao-dia-do-trabalho-nas-rodovias-federais-do-rn\/#breadcrumb\"},\"inLanguage\":\"pt-BR\",\"potentialAction\":[{\"@type\":\"ReadAction\",\"target\":[\"https:\/\/106fm.com.br\/site\/prf-inicia-operacao-dia-do-trabalho-nas-rodovias-federais-do-rn\/\"]}]},{\"@type\":\"ImageObject\",\"inLanguage\":\"pt-BR\",\"@id\":\"https:\/\/106fm.com.br\/site\/prf-inicia-operacao-dia-do-trabalho-nas-rodovias-federais-do-rn\/#primaryimage\",\"url\":\"https:\/\/106fm.com.br\/site\/wp-content\/uploads\/2025\/04\/PRF.jpg\",\"contentUrl\":\"https:\/\/106fm.com.br\/site\/wp-content\/uploads\/2025\/04\/PRF.jpg\",\"width\":430,\"height\":285},{\"@type\":\"BreadcrumbList\",\"@id\":\"https:\/\/106fm.com.br\/site\/prf-inicia-operacao-dia-do-trabalho-nas-rodovias-federais-do-rn\/#breadcrumb\",\"itemListElement\":[{\"@type\":\"ListItem\",\"position\":1,\"name\":\"In\u00edcio\",\"item\":\"https:\/\/106fm.com.br\/site\/\"},{\"@type\":\"ListItem\",\"position\":2,\"name\":\"PRF inicia Opera\u00e7\u00e3o Dia do Trabalho nas rodovias federais do RN\"}]},{\"@type\":\"WebSite\",\"@id\":\"https:\/\/106fm.com.br\/site\/#website\",\"url\":\"https:\/\/106fm.com.br\/site\/\",\"name\":\"106 FM\",\"description\":\"A 106FM \u00e9 a voz do Serid\u00f3 desde 2003, oferecendo uma programa\u00e7\u00e3o diversificada de m\u00fasicas, not\u00edcias e entrevistas. Localizada em Citco-Ra, a r\u00e1dio promove eventos e campanhas, conectando a comunidade com credibilidade e entretenimento de qualidade. Sintonize para uma experi\u00eancia enriquecedora!\",\"publisher\":{\"@id\":\"https:\/\/106fm.com.br\/site\/#organization\"},\"potentialAction\":[{\"@type\":\"SearchAction\",\"target\":{\"@type\":\"EntryPoint\",\"urlTemplate\":\"https:\/\/106fm.com.br\/site\/?s={search_term_string}\"},\"query-input\":\"required name=search_term_string\"}],\"inLanguage\":\"pt-BR\"},{\"@type\":\"Organization\",\"@id\":\"https:\/\/106fm.com.br\/site\/#organization\",\"name\":\"R\u00e1dio Solidariedade 106 FM\",\"url\":\"https:\/\/106fm.com.br\/site\/\",\"logo\":{\"@type\":\"ImageObject\",\"inLanguage\":\"pt-BR\",\"@id\":\"https:\/\/106fm.com.br\/site\/#\/schema\/logo\/image\/\",\"url\":\"https:\/\/106fm.com.br\/site\/wp-content\/uploads\/2024\/06\/106FM.png\",\"contentUrl\":\"https:\/\/106fm.com.br\/site\/wp-content\/uploads\/2024\/06\/106FM.png\",\"width\":1582,\"height\":762,\"caption\":\"R\u00e1dio Solidariedade 106 FM\"},\"image\":{\"@id\":\"https:\/\/106fm.com.br\/site\/#\/schema\/logo\/image\/\"},\"sameAs\":[\"https:\/\/www.facebook.com\/106fmcaico\",\"https:\/\/www.instagram.com\/106fmcaico\"]},{\"@type\":\"Person\",\"@id\":\"https:\/\/106fm.com.br\/site\/#\/schema\/person\/98401c099e583e80d51ee4aa6177cf74\",\"name\":\"Reda\u00e7\u00e3o\",\"image\":{\"@type\":\"ImageObject\",\"inLanguage\":\"pt-BR\",\"@id\":\"https:\/\/106fm.com.br\/site\/#\/schema\/person\/image\/\",\"url\":\"https:\/\/secure.gravatar.com\/avatar\/856a147778c2d7ddd77dc5fd8943c4d02b1fd4cc9724bb34f1715314c2db6e1e?s=96&d=mm&r=g\",\"contentUrl\":\"https:\/\/secure.gravatar.com\/avatar\/856a147778c2d7ddd77dc5fd8943c4d02b1fd4cc9724bb34f1715314c2db6e1e?s=96&d=mm&r=g\",\"caption\":\"Reda\u00e7\u00e3o\"},\"url\":\"https:\/\/106fm.com.br\/site\/author\/redacao\/\"}]}<\/script>\n<!-- \/ Yoast SEO plugin. -->","yoast_head_json":{"title":"PRF inicia Opera\u00e7\u00e3o Dia do Trabalho nas rodovias federais do RN - 106 FM","robots":{"index":"index","follow":"follow","max-snippet":"max-snippet:-1","max-image-preview":"max-image-preview:large","max-video-preview":"max-video-preview:-1"},"canonical":"https:\/\/106fm.com.br\/site\/prf-inicia-operacao-dia-do-trabalho-nas-rodovias-federais-do-rn\/","og_locale":"pt_BR","og_type":"article","og_title":"PRF inicia Opera\u00e7\u00e3o Dia do Trabalho nas rodovias federais do RN - 106 FM","og_description":"A Pol\u00edcia Rodovi\u00e1ria Federal (PRF) deu in\u00edcio nesta quarta-feira (30) \u00e0 Opera\u00e7\u00e3o Dia do Trabalho 2025 nas rodovias federais do Rio Grande do Norte (RN). A a\u00e7\u00e3o seguir\u00e1 at\u00e9 as 23h59 do pr\u00f3ximo domingo, 4 de maio, com foco no aumento da seguran\u00e7a vi\u00e1ria durante o feriado prolongado. Durante esse per\u00edodo, haver\u00e1 refor\u00e7o no policiamento [&hellip;]","og_url":"https:\/\/106fm.com.br\/site\/prf-inicia-operacao-dia-do-trabalho-nas-rodovias-federais-do-rn\/","og_site_name":"106 FM","article_publisher":"https:\/\/www.facebook.com\/106fmcaico","article_published_time":"2025-04-30T15:11:05+00:00","article_modified_time":"2025-05-01T17:12:41+00:00","og_image":[{"width":430,"height":285,"url":"https:\/\/106fm.com.br\/site\/wp-content\/uploads\/2025\/04\/PRF.jpg","type":"image\/jpeg"}],"author":"Reda\u00e7\u00e3o","twitter_card":"summary_large_image","twitter_misc":{"Escrito por":"Reda\u00e7\u00e3o","Est. tempo de leitura":"2 minutos"},"schema":{"@context":"https:\/\/schema.org","@graph":[{"@type":"Article","@id":"https:\/\/106fm.com.br\/site\/prf-inicia-operacao-dia-do-trabalho-nas-rodovias-federais-do-rn\/#article","isPartOf":{"@id":"https:\/\/106fm.com.br\/site\/prf-inicia-operacao-dia-do-trabalho-nas-rodovias-federais-do-rn\/"},"author":{"name":"Reda\u00e7\u00e3o","@id":"https:\/\/106fm.com.br\/site\/#\/schema\/person\/98401c099e583e80d51ee4aa6177cf74"},"headline":"PRF inicia Opera\u00e7\u00e3o Dia do Trabalho nas rodovias federais do RN","datePublished":"2025-04-30T15:11:05+00:00","dateModified":"2025-05-01T17:12:41+00:00","mainEntityOfPage":{"@id":"https:\/\/106fm.com.br\/site\/prf-inicia-operacao-dia-do-trabalho-nas-rodovias-federais-do-rn\/"},"wordCount":288,"commentCount":0,"publisher":{"@id":"https:\/\/106fm.com.br\/site\/#organization"},"image":{"@id":"https:\/\/106fm.com.br\/site\/prf-inicia-operacao-dia-do-trabalho-nas-rodovias-federais-do-rn\/#primaryimage"},"thumbnailUrl":"https:\/\/106fm.com.br\/site\/wp-content\/uploads\/2025\/04\/PRF.jpg","keywords":["PRF"],"articleSection":["Blog"],"inLanguage":"pt-BR","potentialAction":[{"@type":"CommentAction","name":"Comment","target":["https:\/\/106fm.com.br\/site\/prf-inicia-operacao-dia-do-trabalho-nas-rodovias-federais-do-rn\/#respond"]}]},{"@type":"WebPage","@id":"https:\/\/106fm.com.br\/site\/prf-inicia-operacao-dia-do-trabalho-nas-rodovias-federais-do-rn\/","url":"https:\/\/106fm.com.br\/site\/prf-inicia-operacao-dia-do-trabalho-nas-rodovias-federais-do-rn\/","name":"PRF inicia Opera\u00e7\u00e3o Dia do Trabalho nas rodovias federais do RN - 106 FM","isPartOf":{"@id":"https:\/\/106fm.com.br\/site\/#website"},"primaryImageOfPage":{"@id":"https:\/\/106fm.com.br\/site\/prf-inicia-operacao-dia-do-trabalho-nas-rodovias-federais-do-rn\/#primaryimage"},"image":{"@id":"https:\/\/106fm.com.br\/site\/prf-inicia-operacao-dia-do-trabalho-nas-rodovias-federais-do-rn\/#primaryimage"},"thumbnailUrl":"https:\/\/106fm.com.br\/site\/wp-content\/uploads\/2025\/04\/PRF.jpg","datePublished":"2025-04-30T15:11:05+00:00","dateModified":"2025-05-01T17:12:41+00:00","breadcrumb":{"@id":"https:\/\/106fm.com.br\/site\/prf-inicia-operacao-dia-do-trabalho-nas-rodovias-federais-do-rn\/#breadcrumb"},"inLanguage":"pt-BR","potentialAction":[{"@type":"ReadAction","target":["https:\/\/106fm.com.br\/site\/prf-inicia-operacao-dia-do-trabalho-nas-rodovias-federais-do-rn\/"]}]},{"@type":"ImageObject","inLanguage":"pt-BR","@id":"https:\/\/106fm.com.br\/site\/prf-inicia-operacao-dia-do-trabalho-nas-rodovias-federais-do-rn\/#primaryimage","url":"https:\/\/106fm.com.br\/site\/wp-content\/uploads\/2025\/04\/PRF.jpg","contentUrl":"https:\/\/106fm.com.br\/site\/wp-content\/uploads\/2025\/04\/PRF.jpg","width":430,"height":285},{"@type":"BreadcrumbList","@id":"https:\/\/106fm.com.br\/site\/prf-inicia-operacao-dia-do-trabalho-nas-rodovias-federais-do-rn\/#breadcrumb","itemListElement":[{"@type":"ListItem","position":1,"name":"In\u00edcio","item":"https:\/\/106fm.com.br\/site\/"},{"@type":"ListItem","position":2,"name":"PRF inicia Opera\u00e7\u00e3o Dia do Trabalho nas rodovias federais do RN"}]},{"@type":"WebSite","@id":"https:\/\/106fm.com.br\/site\/#website","url":"https:\/\/106fm.com.br\/site\/","name":"106 FM","description":"A 106FM \u00e9 a voz do Serid\u00f3 desde 2003, oferecendo uma programa\u00e7\u00e3o diversificada de m\u00fasicas, not\u00edcias e entrevistas. Localizada em Citco-Ra, a r\u00e1dio promove eventos e campanhas, conectando a comunidade com credibilidade e entretenimento de qualidade. Sintonize para uma experi\u00eancia enriquecedora!","publisher":{"@id":"https:\/\/106fm.com.br\/site\/#organization"},"potentialAction":[{"@type":"SearchAction","target":{"@type":"EntryPoint","urlTemplate":"https:\/\/106fm.com.br\/site\/?s={search_term_string}"},"query-input":"required name=search_term_string"}],"inLanguage":"pt-BR"},{"@type":"Organization","@id":"https:\/\/106fm.com.br\/site\/#organization","name":"R\u00e1dio Solidariedade 106 FM","url":"https:\/\/106fm.com.br\/site\/","logo":{"@type":"ImageObject","inLanguage":"pt-BR","@id":"https:\/\/106fm.com.br\/site\/#\/schema\/logo\/image\/","url":"https:\/\/106fm.com.br\/site\/wp-content\/uploads\/2024\/06\/106FM.png","contentUrl":"https:\/\/106fm.com.br\/site\/wp-content\/uploads\/2024\/06\/106FM.png","width":1582,"height":762,"caption":"R\u00e1dio Solidariedade 106 FM"},"image":{"@id":"https:\/\/106fm.com.br\/site\/#\/schema\/logo\/image\/"},"sameAs":["https:\/\/www.facebook.com\/106fmcaico","https:\/\/www.instagram.com\/106fmcaico"]},{"@type":"Person","@id":"https:\/\/106fm.com.br\/site\/#\/schema\/person\/98401c099e583e80d51ee4aa6177cf74","name":"Reda\u00e7\u00e3o","image":{"@type":"ImageObject","inLanguage":"pt-BR","@id":"https:\/\/106fm.com.br\/site\/#\/schema\/person\/image\/","url":"https:\/\/secure.gravatar.com\/avatar\/856a147778c2d7ddd77dc5fd8943c4d02b1fd4cc9724bb34f1715314c2db6e1e?s=96&d=mm&r=g","contentUrl":"https:\/\/secure.gravatar.com\/avatar\/856a147778c2d7ddd77dc5fd8943c4d02b1fd4cc9724bb34f1715314c2db6e1e?s=96&d=mm&r=g","caption":"Reda\u00e7\u00e3o"},"url":"https:\/\/106fm.com.br\/site\/author\/redacao\/"}]}},"_links":{"self":[{"href":"https:\/\/106fm.com.br\/site\/wp-json\/wp\/v2\/posts\/1064","targetHints":{"allow":["GET"]}}],"collection":[{"href":"https:\/\/106fm.com.br\/site\/wp-json\/wp\/v2\/posts"}],"about":[{"href":"https:\/\/106fm.com.br\/site\/wp-json\/wp\/v2\/types\/post"}],"author":[{"embeddable":true,"href":"https:\/\/106fm.com.br\/site\/wp-json\/wp\/v2\/users\/5"}],"replies":[{"embeddable":true,"href":"https:\/\/106fm.com.br\/site\/wp-json\/wp\/v2\/comments?post=1064"}],"version-history":[{"count":3,"href":"https:\/\/106fm.com.br\/site\/wp-json\/wp\/v2\/posts\/1064\/revisions"}],"predecessor-version":[{"id":1078,"href":"https:\/\/106fm.com.br\/site\/wp-json\/wp\/v2\/posts\/1064\/revisions\/1078"}],"wp:featuredmedia":[{"embeddable":true,"href":"https:\/\/106fm.com.br\/site\/wp-json\/wp\/v2\/media\/1065"}],"wp:attachment":[{"href":"https:\/\/106fm.com.br\/site\/wp-json\/wp\/v2\/media?parent=1064"}],"wp:term":[{"taxonomy":"category","embeddable":true,"href":"https:\/\/106fm.com.br\/site\/wp-json\/wp\/v2\/categories?post=1064"},{"taxonomy":"post_tag","embeddable":true,"href":"https:\/\/106fm.com.br\/site\/wp-json\/wp\/v2\/tags?post=1064"}],"curies":[{"name":"wp","href":"https:\/\/api.w.org\/{rel}","templated":true}]}}