{"id":1111,"date":"2025-06-03T10:00:47","date_gmt":"2025-06-03T13:00:47","guid":{"rendered":"https:\/\/106fm.com.br\/site\/?p=1111"},"modified":"2025-06-03T19:38:01","modified_gmt":"2025-06-03T22:38:01","slug":"ponta-negra-tera-novo-projeto-de-urbanizacao","status":"publish","type":"post","link":"https:\/\/106fm.com.br\/site\/ponta-negra-tera-novo-projeto-de-urbanizacao\/","title":{"rendered":"Ponta Negra ter\u00e1 novo projeto de urbaniza\u00e7\u00e3o"},"content":{"rendered":"<p style=\"text-align: justify;\">A praia de Ponta Negra, cart\u00e3o-postal de Natal, vai passar por um novo processo de requalifica\u00e7\u00e3o urbana. A Prefeitura de Natal deu in\u00edcio \u00e0s discuss\u00f5es para o projeto de urbaniza\u00e7\u00e3o e paisagismo da orla da zona Sul da cidade, complementando a obra de engorda conclu\u00edda neste ano. O prefeito Paulinho Freire instituiu, por meio do decreto 13.370\/2025, um grupo de trabalho que ficar\u00e1 respons\u00e1vel pela elabora\u00e7\u00e3o das diretrizes e do projeto da chamada \u201cNova Ponta Negra\u201d.<\/p>\n<p style=\"text-align: justify;\">\u201cEssa nova fase da orla de Ponta Negra \u00e9 um projeto que exige cuidado, escuta e planejamento. Estamos construindo algo que vai impactar positivamente a vida de quem mora, trabalha e visita a nossa cidade. E isso precisa ser feito com responsabilidade e vis\u00e3o de futuro\u201d, destacou o prefeito Paulinho Freire durante reuni\u00e3o realizada nesta segunda-feira (2), com seu secretariado, na sede da Secretaria Municipal de Mobilidade Urbana (STTU).<\/p>\n<p style=\"text-align: justify;\">O grupo de trabalho re\u00fane inicialmente 11 secretarias municipais, al\u00e9m do Conselho de Governan\u00e7a da Prefeitura, que tamb\u00e9m foi integrado ao processo. A Secretaria de Esporte e Lazer (SEL) tamb\u00e9m passar\u00e1 a compor o GT, conforme adiantou o secret\u00e1rio municipal de Concess\u00f5es, Parcerias, Empreendedorismo e Inova\u00e7\u00e3o (SEPAE), Arthur Dutra. \u201cO grupo foi instalado com as secretarias integrantes e foi apresentado quais s\u00e3o as atribui\u00e7\u00f5es e o que vai ser feito a partir de agora., tanto as quest\u00f5es ambientais, quanto de infraestrutura, social e econ\u00f4mica. \u201d, explicou Arthur.<\/p>\n<p style=\"text-align: justify;\">O primeiro passo dos trabalhos ser\u00e1 a realiza\u00e7\u00e3o de um diagn\u00f3stico amplo e detalhado da \u00e1rea de Ponta Negra, abrangendo aspectos ambientais, urban\u00edsticos, sociais, econ\u00f4micos e de infraestrutura. Cada secretaria envolvida dever\u00e1 apresentar dados, informa\u00e7\u00f5es e projetos j\u00e1 existentes relacionados \u00e0 regi\u00e3o. Al\u00e9m disso, Dutra explica que a Procuradoria Geral do Munic\u00edpio (PGM) est\u00e1 encarregada de elaborar uma proposta de regimento interno para o funcionamento do grupo de trabalho, de modo a organizar e ordenar os pr\u00f3ximos passos do projeto. \u201cDepois desse diagn\u00f3stico, vai ser definido o cronograma de audi\u00eancias p\u00fablicas. E tamb\u00e9m qual vai ser a \u00e1rea de abrang\u00eancia desse projeto. Isso ainda n\u00e3o est\u00e1 definido, s\u00f3 ser\u00e1 definido depois desse levantamento de todas as informa\u00e7\u00f5es\u201d, completou.<\/p>\n<p style=\"text-align: justify;\">A ideia \u00e9 ouvir a popula\u00e7\u00e3o local, desde os trabalhadores da \u00e1rea de com\u00e9rcio, hotelaria e lazer, passando pelos pescadores e artes\u00e3os, sem esquecer as demandas dos moradores.<\/p>\n<p style=\"text-align: justify;\">O modelo de sele\u00e7\u00e3o do projeto urban\u00edstico e paisag\u00edstico da Nova Ponta Negra ser\u00e1 realizado por meio de um concurso de arquitetura e urbanismo. De acordo com Arthur Dutra, os par\u00e2metros dessa sele\u00e7\u00e3o ser\u00e3o estabelecidos com base no diagn\u00f3stico realizado e no tema de refer\u00eancia que ser\u00e1 elaborado, levando em considera\u00e7\u00e3o tanto as diretrizes estabelecidas no decreto como as escutas p\u00fablicas com moradores, comerciantes, setor tur\u00edstico e institui\u00e7\u00f5es representativas. \u201cEsse termo de refer\u00eancia vai dizer quais s\u00e3o os requisitos que o projeto precisa ter. E ele vai levar em considera\u00e7\u00e3o os itens que o decreto j\u00e1 estabeleceu como priorit\u00e1rios, al\u00e9m das escutas com a sociedade, com as comunidades, com o trade tur\u00edstico e com as institui\u00e7\u00f5es de maneira geral\u201d, esclareceu Arthur.<\/p>\n<p style=\"text-align: justify;\">O secret\u00e1rio tamb\u00e9m refor\u00e7a que o objetivo desse projeto \u00e9 complementar a obra de engorda, trazendo uma proposta de urbaniza\u00e7\u00e3o e paisagismo para a parte urbana da praia, ou seja, a faixa que compreende cal\u00e7ad\u00e3o, acessos, equipamentos urbanos e demais estruturas, excluindo a faixa de areia. \u201cDe maneira geral, \u00e9 para trazer um novo conceito de urbaniza\u00e7\u00e3o e paisagismo para complementar a engorda\u201d, pontuou.<\/p>\n<p style=\"text-align: justify;\"><strong>Cronograma<\/strong><\/p>\n<p style=\"text-align: justify;\">O grupo ter\u00e1 um prazo de oito meses para concluir o trabalho, contados a partir de maio deste ano. Esse prazo inclui a realiza\u00e7\u00e3o do diagn\u00f3stico, defini\u00e7\u00e3o das diretrizes, elabora\u00e7\u00e3o do tema de refer\u00eancia, condu\u00e7\u00e3o das audi\u00eancias p\u00fablicas, lan\u00e7amento e conclus\u00e3o do concurso p\u00fablico que escolher\u00e1 o projeto vencedor. \u201cEsse \u00e9 o prazo final, contando do per\u00edodo que foi publicado o decreto, para que no come\u00e7o de janeiro do pr\u00f3ximo ano a gente j\u00e1 tenha o projeto pronto para ser executado\u201d, afirmou o secret\u00e1rio.<\/p>\n<p style=\"text-align: justify;\">Segundo ele, o direcionamento j\u00e1 foi dado. \u201cAgora \u00e9 s\u00f3 ordenar os trabalhos e estabelecer um cronograma para poder ir avan\u00e7ando de maneira organizada\u201d, finalizou Arthur Dutra.<\/p>\n","protected":false},"excerpt":{"rendered":"<p>A praia de Ponta Negra, cart\u00e3o-postal de Natal, vai passar por um novo processo de requalifica\u00e7\u00e3o urbana. A Prefeitura de Natal deu in\u00edcio \u00e0s discuss\u00f5es para o projeto de urbaniza\u00e7\u00e3o e paisagismo da orla da zona Sul da cidade, complementando a obra de engorda conclu\u00edda neste ano. O prefeito Paulinho Freire instituiu, por meio do [&hellip;]<\/p>\n","protected":false},"author":5,"featured_media":1112,"comment_status":"open","ping_status":"open","sticky":false,"template":"","format":"standard","meta":{"inline_featured_image":false,"footnotes":""},"categories":[9],"tags":[29],"class_list":["post-1111","post","type-post","status-publish","format-standard","has-post-thumbnail","hentry","category-destaque","tag-ponta-negra"],"yoast_head":"<!-- This site is optimized with the Yoast SEO plugin v23.0 - https:\/\/yoast.com\/wordpress\/plugins\/seo\/ -->\n<title>Ponta Negra ter\u00e1 novo projeto de urbaniza\u00e7\u00e3o - 106 FM<\/title>\n<meta name=\"robots\" content=\"index, follow, max-snippet:-1, max-image-preview:large, max-video-preview:-1\" \/>\n<link rel=\"canonical\" href=\"https:\/\/106fm.com.br\/site\/ponta-negra-tera-novo-projeto-de-urbanizacao\/\" \/>\n<meta property=\"og:locale\" content=\"pt_BR\" \/>\n<meta property=\"og:type\" content=\"article\" \/>\n<meta property=\"og:title\" content=\"Ponta Negra ter\u00e1 novo projeto de urbaniza\u00e7\u00e3o - 106 FM\" \/>\n<meta property=\"og:description\" content=\"A praia de Ponta Negra, cart\u00e3o-postal de Natal, vai passar por um novo processo de requalifica\u00e7\u00e3o urbana. A Prefeitura de Natal deu in\u00edcio \u00e0s discuss\u00f5es para o projeto de urbaniza\u00e7\u00e3o e paisagismo da orla da zona Sul da cidade, complementando a obra de engorda conclu\u00edda neste ano. O prefeito Paulinho Freire instituiu, por meio do [&hellip;]\" \/>\n<meta property=\"og:url\" content=\"https:\/\/106fm.com.br\/site\/ponta-negra-tera-novo-projeto-de-urbanizacao\/\" \/>\n<meta property=\"og:site_name\" content=\"106 FM\" \/>\n<meta property=\"article:publisher\" content=\"https:\/\/www.facebook.com\/106fmcaico\" \/>\n<meta property=\"article:published_time\" content=\"2025-06-03T13:00:47+00:00\" \/>\n<meta property=\"article:modified_time\" content=\"2025-06-03T22:38:01+00:00\" \/>\n<meta property=\"og:image\" content=\"https:\/\/106fm.com.br\/site\/wp-content\/uploads\/2025\/06\/20250603_9NT1-1068x712-1.jpg\" \/>\n\t<meta property=\"og:image:width\" content=\"1068\" \/>\n\t<meta property=\"og:image:height\" content=\"712\" \/>\n\t<meta property=\"og:image:type\" content=\"image\/jpeg\" \/>\n<meta name=\"author\" content=\"Reda\u00e7\u00e3o\" \/>\n<meta name=\"twitter:card\" content=\"summary_large_image\" \/>\n<meta name=\"twitter:label1\" content=\"Escrito por\" \/>\n\t<meta name=\"twitter:data1\" content=\"Reda\u00e7\u00e3o\" \/>\n\t<meta name=\"twitter:label2\" content=\"Est. tempo de leitura\" \/>\n\t<meta name=\"twitter:data2\" content=\"4 minutos\" \/>\n<script type=\"application\/ld+json\" class=\"yoast-schema-graph\">{\"@context\":\"https:\/\/schema.org\",\"@graph\":[{\"@type\":\"Article\",\"@id\":\"https:\/\/106fm.com.br\/site\/ponta-negra-tera-novo-projeto-de-urbanizacao\/#article\",\"isPartOf\":{\"@id\":\"https:\/\/106fm.com.br\/site\/ponta-negra-tera-novo-projeto-de-urbanizacao\/\"},\"author\":{\"name\":\"Reda\u00e7\u00e3o\",\"@id\":\"https:\/\/106fm.com.br\/site\/#\/schema\/person\/98401c099e583e80d51ee4aa6177cf74\"},\"headline\":\"Ponta Negra ter\u00e1 novo projeto de urbaniza\u00e7\u00e3o\",\"datePublished\":\"2025-06-03T13:00:47+00:00\",\"dateModified\":\"2025-06-03T22:38:01+00:00\",\"mainEntityOfPage\":{\"@id\":\"https:\/\/106fm.com.br\/site\/ponta-negra-tera-novo-projeto-de-urbanizacao\/\"},\"wordCount\":755,\"commentCount\":0,\"publisher\":{\"@id\":\"https:\/\/106fm.com.br\/site\/#organization\"},\"image\":{\"@id\":\"https:\/\/106fm.com.br\/site\/ponta-negra-tera-novo-projeto-de-urbanizacao\/#primaryimage\"},\"thumbnailUrl\":\"https:\/\/106fm.com.br\/site\/wp-content\/uploads\/2025\/06\/20250603_9NT1-1068x712-1.jpg\",\"keywords\":[\"Ponta Negra\"],\"articleSection\":[\"Destaque\"],\"inLanguage\":\"pt-BR\",\"potentialAction\":[{\"@type\":\"CommentAction\",\"name\":\"Comment\",\"target\":[\"https:\/\/106fm.com.br\/site\/ponta-negra-tera-novo-projeto-de-urbanizacao\/#respond\"]}]},{\"@type\":\"WebPage\",\"@id\":\"https:\/\/106fm.com.br\/site\/ponta-negra-tera-novo-projeto-de-urbanizacao\/\",\"url\":\"https:\/\/106fm.com.br\/site\/ponta-negra-tera-novo-projeto-de-urbanizacao\/\",\"name\":\"Ponta Negra ter\u00e1 novo projeto de urbaniza\u00e7\u00e3o - 106 FM\",\"isPartOf\":{\"@id\":\"https:\/\/106fm.com.br\/site\/#website\"},\"primaryImageOfPage\":{\"@id\":\"https:\/\/106fm.com.br\/site\/ponta-negra-tera-novo-projeto-de-urbanizacao\/#primaryimage\"},\"image\":{\"@id\":\"https:\/\/106fm.com.br\/site\/ponta-negra-tera-novo-projeto-de-urbanizacao\/#primaryimage\"},\"thumbnailUrl\":\"https:\/\/106fm.com.br\/site\/wp-content\/uploads\/2025\/06\/20250603_9NT1-1068x712-1.jpg\",\"datePublished\":\"2025-06-03T13:00:47+00:00\",\"dateModified\":\"2025-06-03T22:38:01+00:00\",\"breadcrumb\":{\"@id\":\"https:\/\/106fm.com.br\/site\/ponta-negra-tera-novo-projeto-de-urbanizacao\/#breadcrumb\"},\"inLanguage\":\"pt-BR\",\"potentialAction\":[{\"@type\":\"ReadAction\",\"target\":[\"https:\/\/106fm.com.br\/site\/ponta-negra-tera-novo-projeto-de-urbanizacao\/\"]}]},{\"@type\":\"ImageObject\",\"inLanguage\":\"pt-BR\",\"@id\":\"https:\/\/106fm.com.br\/site\/ponta-negra-tera-novo-projeto-de-urbanizacao\/#primaryimage\",\"url\":\"https:\/\/106fm.com.br\/site\/wp-content\/uploads\/2025\/06\/20250603_9NT1-1068x712-1.jpg\",\"contentUrl\":\"https:\/\/106fm.com.br\/site\/wp-content\/uploads\/2025\/06\/20250603_9NT1-1068x712-1.jpg\",\"width\":1068,\"height\":712},{\"@type\":\"BreadcrumbList\",\"@id\":\"https:\/\/106fm.com.br\/site\/ponta-negra-tera-novo-projeto-de-urbanizacao\/#breadcrumb\",\"itemListElement\":[{\"@type\":\"ListItem\",\"position\":1,\"name\":\"In\u00edcio\",\"item\":\"https:\/\/106fm.com.br\/site\/\"},{\"@type\":\"ListItem\",\"position\":2,\"name\":\"Ponta Negra ter\u00e1 novo projeto de urbaniza\u00e7\u00e3o\"}]},{\"@type\":\"WebSite\",\"@id\":\"https:\/\/106fm.com.br\/site\/#website\",\"url\":\"https:\/\/106fm.com.br\/site\/\",\"name\":\"106 FM\",\"description\":\"A 106FM \u00e9 a voz do Serid\u00f3 desde 2003, oferecendo uma programa\u00e7\u00e3o diversificada de m\u00fasicas, not\u00edcias e entrevistas. Localizada em Citco-Ra, a r\u00e1dio promove eventos e campanhas, conectando a comunidade com credibilidade e entretenimento de qualidade. Sintonize para uma experi\u00eancia enriquecedora!\",\"publisher\":{\"@id\":\"https:\/\/106fm.com.br\/site\/#organization\"},\"potentialAction\":[{\"@type\":\"SearchAction\",\"target\":{\"@type\":\"EntryPoint\",\"urlTemplate\":\"https:\/\/106fm.com.br\/site\/?s={search_term_string}\"},\"query-input\":\"required name=search_term_string\"}],\"inLanguage\":\"pt-BR\"},{\"@type\":\"Organization\",\"@id\":\"https:\/\/106fm.com.br\/site\/#organization\",\"name\":\"R\u00e1dio Solidariedade 106 FM\",\"url\":\"https:\/\/106fm.com.br\/site\/\",\"logo\":{\"@type\":\"ImageObject\",\"inLanguage\":\"pt-BR\",\"@id\":\"https:\/\/106fm.com.br\/site\/#\/schema\/logo\/image\/\",\"url\":\"https:\/\/106fm.com.br\/site\/wp-content\/uploads\/2024\/06\/106FM.png\",\"contentUrl\":\"https:\/\/106fm.com.br\/site\/wp-content\/uploads\/2024\/06\/106FM.png\",\"width\":1582,\"height\":762,\"caption\":\"R\u00e1dio Solidariedade 106 FM\"},\"image\":{\"@id\":\"https:\/\/106fm.com.br\/site\/#\/schema\/logo\/image\/\"},\"sameAs\":[\"https:\/\/www.facebook.com\/106fmcaico\",\"https:\/\/www.instagram.com\/106fmcaico\"]},{\"@type\":\"Person\",\"@id\":\"https:\/\/106fm.com.br\/site\/#\/schema\/person\/98401c099e583e80d51ee4aa6177cf74\",\"name\":\"Reda\u00e7\u00e3o\",\"image\":{\"@type\":\"ImageObject\",\"inLanguage\":\"pt-BR\",\"@id\":\"https:\/\/106fm.com.br\/site\/#\/schema\/person\/image\/\",\"url\":\"https:\/\/secure.gravatar.com\/avatar\/856a147778c2d7ddd77dc5fd8943c4d02b1fd4cc9724bb34f1715314c2db6e1e?s=96&d=mm&r=g\",\"contentUrl\":\"https:\/\/secure.gravatar.com\/avatar\/856a147778c2d7ddd77dc5fd8943c4d02b1fd4cc9724bb34f1715314c2db6e1e?s=96&d=mm&r=g\",\"caption\":\"Reda\u00e7\u00e3o\"},\"url\":\"https:\/\/106fm.com.br\/site\/author\/redacao\/\"}]}<\/script>\n<!-- \/ Yoast SEO plugin. -->","yoast_head_json":{"title":"Ponta Negra ter\u00e1 novo projeto de urbaniza\u00e7\u00e3o - 106 FM","robots":{"index":"index","follow":"follow","max-snippet":"max-snippet:-1","max-image-preview":"max-image-preview:large","max-video-preview":"max-video-preview:-1"},"canonical":"https:\/\/106fm.com.br\/site\/ponta-negra-tera-novo-projeto-de-urbanizacao\/","og_locale":"pt_BR","og_type":"article","og_title":"Ponta Negra ter\u00e1 novo projeto de urbaniza\u00e7\u00e3o - 106 FM","og_description":"A praia de Ponta Negra, cart\u00e3o-postal de Natal, vai passar por um novo processo de requalifica\u00e7\u00e3o urbana. A Prefeitura de Natal deu in\u00edcio \u00e0s discuss\u00f5es para o projeto de urbaniza\u00e7\u00e3o e paisagismo da orla da zona Sul da cidade, complementando a obra de engorda conclu\u00edda neste ano. O prefeito Paulinho Freire instituiu, por meio do [&hellip;]","og_url":"https:\/\/106fm.com.br\/site\/ponta-negra-tera-novo-projeto-de-urbanizacao\/","og_site_name":"106 FM","article_publisher":"https:\/\/www.facebook.com\/106fmcaico","article_published_time":"2025-06-03T13:00:47+00:00","article_modified_time":"2025-06-03T22:38:01+00:00","og_image":[{"width":1068,"height":712,"url":"https:\/\/106fm.com.br\/site\/wp-content\/uploads\/2025\/06\/20250603_9NT1-1068x712-1.jpg","type":"image\/jpeg"}],"author":"Reda\u00e7\u00e3o","twitter_card":"summary_large_image","twitter_misc":{"Escrito por":"Reda\u00e7\u00e3o","Est. tempo de leitura":"4 minutos"},"schema":{"@context":"https:\/\/schema.org","@graph":[{"@type":"Article","@id":"https:\/\/106fm.com.br\/site\/ponta-negra-tera-novo-projeto-de-urbanizacao\/#article","isPartOf":{"@id":"https:\/\/106fm.com.br\/site\/ponta-negra-tera-novo-projeto-de-urbanizacao\/"},"author":{"name":"Reda\u00e7\u00e3o","@id":"https:\/\/106fm.com.br\/site\/#\/schema\/person\/98401c099e583e80d51ee4aa6177cf74"},"headline":"Ponta Negra ter\u00e1 novo projeto de urbaniza\u00e7\u00e3o","datePublished":"2025-06-03T13:00:47+00:00","dateModified":"2025-06-03T22:38:01+00:00","mainEntityOfPage":{"@id":"https:\/\/106fm.com.br\/site\/ponta-negra-tera-novo-projeto-de-urbanizacao\/"},"wordCount":755,"commentCount":0,"publisher":{"@id":"https:\/\/106fm.com.br\/site\/#organization"},"image":{"@id":"https:\/\/106fm.com.br\/site\/ponta-negra-tera-novo-projeto-de-urbanizacao\/#primaryimage"},"thumbnailUrl":"https:\/\/106fm.com.br\/site\/wp-content\/uploads\/2025\/06\/20250603_9NT1-1068x712-1.jpg","keywords":["Ponta Negra"],"articleSection":["Destaque"],"inLanguage":"pt-BR","potentialAction":[{"@type":"CommentAction","name":"Comment","target":["https:\/\/106fm.com.br\/site\/ponta-negra-tera-novo-projeto-de-urbanizacao\/#respond"]}]},{"@type":"WebPage","@id":"https:\/\/106fm.com.br\/site\/ponta-negra-tera-novo-projeto-de-urbanizacao\/","url":"https:\/\/106fm.com.br\/site\/ponta-negra-tera-novo-projeto-de-urbanizacao\/","name":"Ponta Negra ter\u00e1 novo projeto de urbaniza\u00e7\u00e3o - 106 FM","isPartOf":{"@id":"https:\/\/106fm.com.br\/site\/#website"},"primaryImageOfPage":{"@id":"https:\/\/106fm.com.br\/site\/ponta-negra-tera-novo-projeto-de-urbanizacao\/#primaryimage"},"image":{"@id":"https:\/\/106fm.com.br\/site\/ponta-negra-tera-novo-projeto-de-urbanizacao\/#primaryimage"},"thumbnailUrl":"https:\/\/106fm.com.br\/site\/wp-content\/uploads\/2025\/06\/20250603_9NT1-1068x712-1.jpg","datePublished":"2025-06-03T13:00:47+00:00","dateModified":"2025-06-03T22:38:01+00:00","breadcrumb":{"@id":"https:\/\/106fm.com.br\/site\/ponta-negra-tera-novo-projeto-de-urbanizacao\/#breadcrumb"},"inLanguage":"pt-BR","potentialAction":[{"@type":"ReadAction","target":["https:\/\/106fm.com.br\/site\/ponta-negra-tera-novo-projeto-de-urbanizacao\/"]}]},{"@type":"ImageObject","inLanguage":"pt-BR","@id":"https:\/\/106fm.com.br\/site\/ponta-negra-tera-novo-projeto-de-urbanizacao\/#primaryimage","url":"https:\/\/106fm.com.br\/site\/wp-content\/uploads\/2025\/06\/20250603_9NT1-1068x712-1.jpg","contentUrl":"https:\/\/106fm.com.br\/site\/wp-content\/uploads\/2025\/06\/20250603_9NT1-1068x712-1.jpg","width":1068,"height":712},{"@type":"BreadcrumbList","@id":"https:\/\/106fm.com.br\/site\/ponta-negra-tera-novo-projeto-de-urbanizacao\/#breadcrumb","itemListElement":[{"@type":"ListItem","position":1,"name":"In\u00edcio","item":"https:\/\/106fm.com.br\/site\/"},{"@type":"ListItem","position":2,"name":"Ponta Negra ter\u00e1 novo projeto de urbaniza\u00e7\u00e3o"}]},{"@type":"WebSite","@id":"https:\/\/106fm.com.br\/site\/#website","url":"https:\/\/106fm.com.br\/site\/","name":"106 FM","description":"A 106FM \u00e9 a voz do Serid\u00f3 desde 2003, oferecendo uma programa\u00e7\u00e3o diversificada de m\u00fasicas, not\u00edcias e entrevistas. Localizada em Citco-Ra, a r\u00e1dio promove eventos e campanhas, conectando a comunidade com credibilidade e entretenimento de qualidade. Sintonize para uma experi\u00eancia enriquecedora!","publisher":{"@id":"https:\/\/106fm.com.br\/site\/#organization"},"potentialAction":[{"@type":"SearchAction","target":{"@type":"EntryPoint","urlTemplate":"https:\/\/106fm.com.br\/site\/?s={search_term_string}"},"query-input":"required name=search_term_string"}],"inLanguage":"pt-BR"},{"@type":"Organization","@id":"https:\/\/106fm.com.br\/site\/#organization","name":"R\u00e1dio Solidariedade 106 FM","url":"https:\/\/106fm.com.br\/site\/","logo":{"@type":"ImageObject","inLanguage":"pt-BR","@id":"https:\/\/106fm.com.br\/site\/#\/schema\/logo\/image\/","url":"https:\/\/106fm.com.br\/site\/wp-content\/uploads\/2024\/06\/106FM.png","contentUrl":"https:\/\/106fm.com.br\/site\/wp-content\/uploads\/2024\/06\/106FM.png","width":1582,"height":762,"caption":"R\u00e1dio Solidariedade 106 FM"},"image":{"@id":"https:\/\/106fm.com.br\/site\/#\/schema\/logo\/image\/"},"sameAs":["https:\/\/www.facebook.com\/106fmcaico","https:\/\/www.instagram.com\/106fmcaico"]},{"@type":"Person","@id":"https:\/\/106fm.com.br\/site\/#\/schema\/person\/98401c099e583e80d51ee4aa6177cf74","name":"Reda\u00e7\u00e3o","image":{"@type":"ImageObject","inLanguage":"pt-BR","@id":"https:\/\/106fm.com.br\/site\/#\/schema\/person\/image\/","url":"https:\/\/secure.gravatar.com\/avatar\/856a147778c2d7ddd77dc5fd8943c4d02b1fd4cc9724bb34f1715314c2db6e1e?s=96&d=mm&r=g","contentUrl":"https:\/\/secure.gravatar.com\/avatar\/856a147778c2d7ddd77dc5fd8943c4d02b1fd4cc9724bb34f1715314c2db6e1e?s=96&d=mm&r=g","caption":"Reda\u00e7\u00e3o"},"url":"https:\/\/106fm.com.br\/site\/author\/redacao\/"}]}},"_links":{"self":[{"href":"https:\/\/106fm.com.br\/site\/wp-json\/wp\/v2\/posts\/1111","targetHints":{"allow":["GET"]}}],"collection":[{"href":"https:\/\/106fm.com.br\/site\/wp-json\/wp\/v2\/posts"}],"about":[{"href":"https:\/\/106fm.com.br\/site\/wp-json\/wp\/v2\/types\/post"}],"author":[{"embeddable":true,"href":"https:\/\/106fm.com.br\/site\/wp-json\/wp\/v2\/users\/5"}],"replies":[{"embeddable":true,"href":"https:\/\/106fm.com.br\/site\/wp-json\/wp\/v2\/comments?post=1111"}],"version-history":[{"count":2,"href":"https:\/\/106fm.com.br\/site\/wp-json\/wp\/v2\/posts\/1111\/revisions"}],"predecessor-version":[{"id":1124,"href":"https:\/\/106fm.com.br\/site\/wp-json\/wp\/v2\/posts\/1111\/revisions\/1124"}],"wp:featuredmedia":[{"embeddable":true,"href":"https:\/\/106fm.com.br\/site\/wp-json\/wp\/v2\/media\/1112"}],"wp:attachment":[{"href":"https:\/\/106fm.com.br\/site\/wp-json\/wp\/v2\/media?parent=1111"}],"wp:term":[{"taxonomy":"category","embeddable":true,"href":"https:\/\/106fm.com.br\/site\/wp-json\/wp\/v2\/categories?post=1111"},{"taxonomy":"post_tag","embeddable":true,"href":"https:\/\/106fm.com.br\/site\/wp-json\/wp\/v2\/tags?post=1111"}],"curies":[{"name":"wp","href":"https:\/\/api.w.org\/{rel}","templated":true}]}}