{"id":1114,"date":"2025-06-03T10:19:11","date_gmt":"2025-06-03T13:19:11","guid":{"rendered":"https:\/\/106fm.com.br\/site\/?p=1114"},"modified":"2025-06-03T19:37:30","modified_gmt":"2025-06-03T22:37:30","slug":"segundo-dia-do-juri-do-caso-zaira-tem-inicio-com-novas-testemunhas-e-expectativa-de-depoimentos-da-defesa","status":"publish","type":"post","link":"https:\/\/106fm.com.br\/site\/segundo-dia-do-juri-do-caso-zaira-tem-inicio-com-novas-testemunhas-e-expectativa-de-depoimentos-da-defesa\/","title":{"rendered":"Segundo dia do j\u00fari do Caso Zaira tem in\u00edcio com novas testemunhas e expectativa de depoimentos da defesa"},"content":{"rendered":"<p data-start=\"123\" data-end=\"485\"><img fetchpriority=\"high\" decoding=\"async\" class=\"wp-image-1115 size-full alignleft\" src=\"https:\/\/106fm.com.br\/site\/wp-content\/uploads\/2025\/06\/zaira-828x468.jpg.webp\" alt=\"\" width=\"828\" height=\"468\" srcset=\"https:\/\/106fm.com.br\/site\/wp-content\/uploads\/2025\/06\/zaira-828x468.jpg.webp 828w, https:\/\/106fm.com.br\/site\/wp-content\/uploads\/2025\/06\/zaira-828x468.jpg-300x170.webp 300w, https:\/\/106fm.com.br\/site\/wp-content\/uploads\/2025\/06\/zaira-828x468.jpg-768x434.webp 768w\" sizes=\"(max-width: 828px) 100vw, 828px\" \/><\/p>\n<p style=\"text-align: justify;\" data-start=\"123\" data-end=\"485\">O segundo dia do j\u00fari do Caso Zaira come\u00e7ou por volta das 8h30 desta ter\u00e7a-feira (3), no F\u00f3rum Miguel Seabra Fagundes, em Natal. A previs\u00e3o \u00e9 que mais tr\u00eas testemunhas indicadas pela acusa\u00e7\u00e3o sejam ouvidas ao longo do dia. Em seguida, dever\u00e3o ser iniciados os depoimentos das testemunhas de defesa do r\u00e9u, o policial militar Pedro In\u00e1cio Ara\u00fajo.<\/p>\n<p style=\"text-align: justify;\" data-start=\"487\" data-end=\"822\">Na segunda-feira (2), primeiro dia do julgamento, foram ouvidas sete testemunhas, todas arroladas pela acusa\u00e7\u00e3o. Os trabalhos se estenderam at\u00e9 as 22h. O julgamento est\u00e1 sendo conduzido pela 2\u00aa Vara Criminal de Natal e deve durar at\u00e9 a pr\u00f3xima sexta-feira (6). A expectativa em torno do caso \u00e9 alta, dada sua repercuss\u00e3o e gravidade.<\/p>\n<p data-start=\"487\" data-end=\"822\"><img decoding=\"async\" src=\"https:\/\/agorarn.com.br\/wp-content\/webp-express\/webp-images\/uploads\/2025\/06\/tjrn.jpg.webp\" alt=\"tjrn\" \/><\/p>\n<p style=\"text-align: justify;\" data-start=\"824\" data-end=\"1183\">Zaira dos Santos Cruz, de 22 anos, foi encontrada morta no dia 2 de mar\u00e7o de 2019, s\u00e1bado de Carnaval, dentro do carro do policial militar, no munic\u00edpio de Caic\u00f3. Segundo a investiga\u00e7\u00e3o, o ve\u00edculo estava trancado e foi necess\u00e1rio acionar os bombeiros para acess\u00e1-lo. O policial alegou que teve rela\u00e7\u00f5es sexuais com a v\u00edtima e que a deixou dormindo no carro.<\/p>\n<p style=\"text-align: justify;\" data-start=\"1185\" data-end=\"1539\" data-is-last-node=\"\" data-is-only-node=\"\">O inqu\u00e9rito conduzido pela Pol\u00edcia Civil concluiu que Zaira foi v\u00edtima de estupro e feminic\u00eddio. O policial foi preso preventivamente em 15 de mar\u00e7o de 2019 e, posteriormente, denunciado pelo Minist\u00e9rio P\u00fablico por homic\u00eddio triplamente qualificado. Ap\u00f3s decis\u00e3o judicial, o julgamento foi transferido para Natal em 2024, atendendo a um pedido da defesa.<\/p>\n","protected":false},"excerpt":{"rendered":"<p>O segundo dia do j\u00fari do Caso Zaira come\u00e7ou por volta das 8h30 desta ter\u00e7a-feira (3), no F\u00f3rum Miguel Seabra Fagundes, em Natal. A previs\u00e3o \u00e9 que mais tr\u00eas testemunhas indicadas pela acusa\u00e7\u00e3o sejam ouvidas ao longo do dia. Em seguida, dever\u00e3o ser iniciados os depoimentos das testemunhas de defesa do r\u00e9u, o policial militar [&hellip;]<\/p>\n","protected":false},"author":5,"featured_media":1115,"comment_status":"open","ping_status":"open","sticky":false,"template":"","format":"standard","meta":{"inline_featured_image":false,"footnotes":""},"categories":[9],"tags":[30],"class_list":["post-1114","post","type-post","status-publish","format-standard","has-post-thumbnail","hentry","category-destaque","tag-caso-zaira"],"yoast_head":"<!-- This site is optimized with the Yoast SEO plugin v23.0 - https:\/\/yoast.com\/wordpress\/plugins\/seo\/ -->\n<title>Segundo dia do j\u00fari do Caso Zaira tem in\u00edcio com novas testemunhas e expectativa de depoimentos da defesa - 106 FM<\/title>\n<meta name=\"robots\" content=\"index, follow, max-snippet:-1, max-image-preview:large, max-video-preview:-1\" \/>\n<link rel=\"canonical\" href=\"https:\/\/106fm.com.br\/site\/segundo-dia-do-juri-do-caso-zaira-tem-inicio-com-novas-testemunhas-e-expectativa-de-depoimentos-da-defesa\/\" \/>\n<meta property=\"og:locale\" content=\"pt_BR\" \/>\n<meta property=\"og:type\" content=\"article\" \/>\n<meta property=\"og:title\" content=\"Segundo dia do j\u00fari do Caso Zaira tem in\u00edcio com novas testemunhas e expectativa de depoimentos da defesa - 106 FM\" \/>\n<meta property=\"og:description\" content=\"O segundo dia do j\u00fari do Caso Zaira come\u00e7ou por volta das 8h30 desta ter\u00e7a-feira (3), no F\u00f3rum Miguel Seabra Fagundes, em Natal. A previs\u00e3o \u00e9 que mais tr\u00eas testemunhas indicadas pela acusa\u00e7\u00e3o sejam ouvidas ao longo do dia. Em seguida, dever\u00e3o ser iniciados os depoimentos das testemunhas de defesa do r\u00e9u, o policial militar [&hellip;]\" \/>\n<meta property=\"og:url\" content=\"https:\/\/106fm.com.br\/site\/segundo-dia-do-juri-do-caso-zaira-tem-inicio-com-novas-testemunhas-e-expectativa-de-depoimentos-da-defesa\/\" \/>\n<meta property=\"og:site_name\" content=\"106 FM\" \/>\n<meta property=\"article:publisher\" content=\"https:\/\/www.facebook.com\/106fmcaico\" \/>\n<meta property=\"article:published_time\" content=\"2025-06-03T13:19:11+00:00\" \/>\n<meta property=\"article:modified_time\" content=\"2025-06-03T22:37:30+00:00\" \/>\n<meta property=\"og:image\" content=\"https:\/\/106fm.com.br\/site\/wp-content\/uploads\/2025\/06\/zaira-828x468.jpg.webp\" \/>\n\t<meta property=\"og:image:width\" content=\"828\" \/>\n\t<meta property=\"og:image:height\" content=\"468\" \/>\n\t<meta property=\"og:image:type\" content=\"image\/webp\" \/>\n<meta name=\"author\" content=\"Reda\u00e7\u00e3o\" \/>\n<meta name=\"twitter:card\" content=\"summary_large_image\" \/>\n<meta name=\"twitter:label1\" content=\"Escrito por\" \/>\n\t<meta name=\"twitter:data1\" content=\"Reda\u00e7\u00e3o\" \/>\n\t<meta name=\"twitter:label2\" content=\"Est. tempo de leitura\" \/>\n\t<meta name=\"twitter:data2\" content=\"2 minutos\" \/>\n<script type=\"application\/ld+json\" class=\"yoast-schema-graph\">{\"@context\":\"https:\/\/schema.org\",\"@graph\":[{\"@type\":\"Article\",\"@id\":\"https:\/\/106fm.com.br\/site\/segundo-dia-do-juri-do-caso-zaira-tem-inicio-com-novas-testemunhas-e-expectativa-de-depoimentos-da-defesa\/#article\",\"isPartOf\":{\"@id\":\"https:\/\/106fm.com.br\/site\/segundo-dia-do-juri-do-caso-zaira-tem-inicio-com-novas-testemunhas-e-expectativa-de-depoimentos-da-defesa\/\"},\"author\":{\"name\":\"Reda\u00e7\u00e3o\",\"@id\":\"https:\/\/106fm.com.br\/site\/#\/schema\/person\/98401c099e583e80d51ee4aa6177cf74\"},\"headline\":\"Segundo dia do j\u00fari do Caso Zaira tem in\u00edcio com novas testemunhas e expectativa de depoimentos da defesa\",\"datePublished\":\"2025-06-03T13:19:11+00:00\",\"dateModified\":\"2025-06-03T22:37:30+00:00\",\"mainEntityOfPage\":{\"@id\":\"https:\/\/106fm.com.br\/site\/segundo-dia-do-juri-do-caso-zaira-tem-inicio-com-novas-testemunhas-e-expectativa-de-depoimentos-da-defesa\/\"},\"wordCount\":268,\"commentCount\":0,\"publisher\":{\"@id\":\"https:\/\/106fm.com.br\/site\/#organization\"},\"image\":{\"@id\":\"https:\/\/106fm.com.br\/site\/segundo-dia-do-juri-do-caso-zaira-tem-inicio-com-novas-testemunhas-e-expectativa-de-depoimentos-da-defesa\/#primaryimage\"},\"thumbnailUrl\":\"https:\/\/106fm.com.br\/site\/wp-content\/uploads\/2025\/06\/zaira-828x468.jpg.webp\",\"keywords\":[\"Caso Zaira\"],\"articleSection\":[\"Destaque\"],\"inLanguage\":\"pt-BR\",\"potentialAction\":[{\"@type\":\"CommentAction\",\"name\":\"Comment\",\"target\":[\"https:\/\/106fm.com.br\/site\/segundo-dia-do-juri-do-caso-zaira-tem-inicio-com-novas-testemunhas-e-expectativa-de-depoimentos-da-defesa\/#respond\"]}]},{\"@type\":\"WebPage\",\"@id\":\"https:\/\/106fm.com.br\/site\/segundo-dia-do-juri-do-caso-zaira-tem-inicio-com-novas-testemunhas-e-expectativa-de-depoimentos-da-defesa\/\",\"url\":\"https:\/\/106fm.com.br\/site\/segundo-dia-do-juri-do-caso-zaira-tem-inicio-com-novas-testemunhas-e-expectativa-de-depoimentos-da-defesa\/\",\"name\":\"Segundo dia do j\u00fari do Caso Zaira tem in\u00edcio com novas testemunhas e expectativa de depoimentos da defesa - 106 FM\",\"isPartOf\":{\"@id\":\"https:\/\/106fm.com.br\/site\/#website\"},\"primaryImageOfPage\":{\"@id\":\"https:\/\/106fm.com.br\/site\/segundo-dia-do-juri-do-caso-zaira-tem-inicio-com-novas-testemunhas-e-expectativa-de-depoimentos-da-defesa\/#primaryimage\"},\"image\":{\"@id\":\"https:\/\/106fm.com.br\/site\/segundo-dia-do-juri-do-caso-zaira-tem-inicio-com-novas-testemunhas-e-expectativa-de-depoimentos-da-defesa\/#primaryimage\"},\"thumbnailUrl\":\"https:\/\/106fm.com.br\/site\/wp-content\/uploads\/2025\/06\/zaira-828x468.jpg.webp\",\"datePublished\":\"2025-06-03T13:19:11+00:00\",\"dateModified\":\"2025-06-03T22:37:30+00:00\",\"breadcrumb\":{\"@id\":\"https:\/\/106fm.com.br\/site\/segundo-dia-do-juri-do-caso-zaira-tem-inicio-com-novas-testemunhas-e-expectativa-de-depoimentos-da-defesa\/#breadcrumb\"},\"inLanguage\":\"pt-BR\",\"potentialAction\":[{\"@type\":\"ReadAction\",\"target\":[\"https:\/\/106fm.com.br\/site\/segundo-dia-do-juri-do-caso-zaira-tem-inicio-com-novas-testemunhas-e-expectativa-de-depoimentos-da-defesa\/\"]}]},{\"@type\":\"ImageObject\",\"inLanguage\":\"pt-BR\",\"@id\":\"https:\/\/106fm.com.br\/site\/segundo-dia-do-juri-do-caso-zaira-tem-inicio-com-novas-testemunhas-e-expectativa-de-depoimentos-da-defesa\/#primaryimage\",\"url\":\"https:\/\/106fm.com.br\/site\/wp-content\/uploads\/2025\/06\/zaira-828x468.jpg.webp\",\"contentUrl\":\"https:\/\/106fm.com.br\/site\/wp-content\/uploads\/2025\/06\/zaira-828x468.jpg.webp\",\"width\":828,\"height\":468},{\"@type\":\"BreadcrumbList\",\"@id\":\"https:\/\/106fm.com.br\/site\/segundo-dia-do-juri-do-caso-zaira-tem-inicio-com-novas-testemunhas-e-expectativa-de-depoimentos-da-defesa\/#breadcrumb\",\"itemListElement\":[{\"@type\":\"ListItem\",\"position\":1,\"name\":\"In\u00edcio\",\"item\":\"https:\/\/106fm.com.br\/site\/\"},{\"@type\":\"ListItem\",\"position\":2,\"name\":\"Segundo dia do j\u00fari do Caso Zaira tem in\u00edcio com novas testemunhas e expectativa de depoimentos da defesa\"}]},{\"@type\":\"WebSite\",\"@id\":\"https:\/\/106fm.com.br\/site\/#website\",\"url\":\"https:\/\/106fm.com.br\/site\/\",\"name\":\"106 FM\",\"description\":\"A 106FM \u00e9 a voz do Serid\u00f3 desde 2003, oferecendo uma programa\u00e7\u00e3o diversificada de m\u00fasicas, not\u00edcias e entrevistas. Localizada em Citco-Ra, a r\u00e1dio promove eventos e campanhas, conectando a comunidade com credibilidade e entretenimento de qualidade. Sintonize para uma experi\u00eancia enriquecedora!\",\"publisher\":{\"@id\":\"https:\/\/106fm.com.br\/site\/#organization\"},\"potentialAction\":[{\"@type\":\"SearchAction\",\"target\":{\"@type\":\"EntryPoint\",\"urlTemplate\":\"https:\/\/106fm.com.br\/site\/?s={search_term_string}\"},\"query-input\":\"required name=search_term_string\"}],\"inLanguage\":\"pt-BR\"},{\"@type\":\"Organization\",\"@id\":\"https:\/\/106fm.com.br\/site\/#organization\",\"name\":\"R\u00e1dio Solidariedade 106 FM\",\"url\":\"https:\/\/106fm.com.br\/site\/\",\"logo\":{\"@type\":\"ImageObject\",\"inLanguage\":\"pt-BR\",\"@id\":\"https:\/\/106fm.com.br\/site\/#\/schema\/logo\/image\/\",\"url\":\"https:\/\/106fm.com.br\/site\/wp-content\/uploads\/2024\/06\/106FM.png\",\"contentUrl\":\"https:\/\/106fm.com.br\/site\/wp-content\/uploads\/2024\/06\/106FM.png\",\"width\":1582,\"height\":762,\"caption\":\"R\u00e1dio Solidariedade 106 FM\"},\"image\":{\"@id\":\"https:\/\/106fm.com.br\/site\/#\/schema\/logo\/image\/\"},\"sameAs\":[\"https:\/\/www.facebook.com\/106fmcaico\",\"https:\/\/www.instagram.com\/106fmcaico\"]},{\"@type\":\"Person\",\"@id\":\"https:\/\/106fm.com.br\/site\/#\/schema\/person\/98401c099e583e80d51ee4aa6177cf74\",\"name\":\"Reda\u00e7\u00e3o\",\"image\":{\"@type\":\"ImageObject\",\"inLanguage\":\"pt-BR\",\"@id\":\"https:\/\/106fm.com.br\/site\/#\/schema\/person\/image\/\",\"url\":\"https:\/\/secure.gravatar.com\/avatar\/856a147778c2d7ddd77dc5fd8943c4d02b1fd4cc9724bb34f1715314c2db6e1e?s=96&d=mm&r=g\",\"contentUrl\":\"https:\/\/secure.gravatar.com\/avatar\/856a147778c2d7ddd77dc5fd8943c4d02b1fd4cc9724bb34f1715314c2db6e1e?s=96&d=mm&r=g\",\"caption\":\"Reda\u00e7\u00e3o\"},\"url\":\"https:\/\/106fm.com.br\/site\/author\/redacao\/\"}]}<\/script>\n<!-- \/ Yoast SEO plugin. -->","yoast_head_json":{"title":"Segundo dia do j\u00fari do Caso Zaira tem in\u00edcio com novas testemunhas e expectativa de depoimentos da defesa - 106 FM","robots":{"index":"index","follow":"follow","max-snippet":"max-snippet:-1","max-image-preview":"max-image-preview:large","max-video-preview":"max-video-preview:-1"},"canonical":"https:\/\/106fm.com.br\/site\/segundo-dia-do-juri-do-caso-zaira-tem-inicio-com-novas-testemunhas-e-expectativa-de-depoimentos-da-defesa\/","og_locale":"pt_BR","og_type":"article","og_title":"Segundo dia do j\u00fari do Caso Zaira tem in\u00edcio com novas testemunhas e expectativa de depoimentos da defesa - 106 FM","og_description":"O segundo dia do j\u00fari do Caso Zaira come\u00e7ou por volta das 8h30 desta ter\u00e7a-feira (3), no F\u00f3rum Miguel Seabra Fagundes, em Natal. A previs\u00e3o \u00e9 que mais tr\u00eas testemunhas indicadas pela acusa\u00e7\u00e3o sejam ouvidas ao longo do dia. Em seguida, dever\u00e3o ser iniciados os depoimentos das testemunhas de defesa do r\u00e9u, o policial militar [&hellip;]","og_url":"https:\/\/106fm.com.br\/site\/segundo-dia-do-juri-do-caso-zaira-tem-inicio-com-novas-testemunhas-e-expectativa-de-depoimentos-da-defesa\/","og_site_name":"106 FM","article_publisher":"https:\/\/www.facebook.com\/106fmcaico","article_published_time":"2025-06-03T13:19:11+00:00","article_modified_time":"2025-06-03T22:37:30+00:00","og_image":[{"width":828,"height":468,"url":"https:\/\/106fm.com.br\/site\/wp-content\/uploads\/2025\/06\/zaira-828x468.jpg.webp","type":"image\/webp"}],"author":"Reda\u00e7\u00e3o","twitter_card":"summary_large_image","twitter_misc":{"Escrito por":"Reda\u00e7\u00e3o","Est. tempo de leitura":"2 minutos"},"schema":{"@context":"https:\/\/schema.org","@graph":[{"@type":"Article","@id":"https:\/\/106fm.com.br\/site\/segundo-dia-do-juri-do-caso-zaira-tem-inicio-com-novas-testemunhas-e-expectativa-de-depoimentos-da-defesa\/#article","isPartOf":{"@id":"https:\/\/106fm.com.br\/site\/segundo-dia-do-juri-do-caso-zaira-tem-inicio-com-novas-testemunhas-e-expectativa-de-depoimentos-da-defesa\/"},"author":{"name":"Reda\u00e7\u00e3o","@id":"https:\/\/106fm.com.br\/site\/#\/schema\/person\/98401c099e583e80d51ee4aa6177cf74"},"headline":"Segundo dia do j\u00fari do Caso Zaira tem in\u00edcio com novas testemunhas e expectativa de depoimentos da defesa","datePublished":"2025-06-03T13:19:11+00:00","dateModified":"2025-06-03T22:37:30+00:00","mainEntityOfPage":{"@id":"https:\/\/106fm.com.br\/site\/segundo-dia-do-juri-do-caso-zaira-tem-inicio-com-novas-testemunhas-e-expectativa-de-depoimentos-da-defesa\/"},"wordCount":268,"commentCount":0,"publisher":{"@id":"https:\/\/106fm.com.br\/site\/#organization"},"image":{"@id":"https:\/\/106fm.com.br\/site\/segundo-dia-do-juri-do-caso-zaira-tem-inicio-com-novas-testemunhas-e-expectativa-de-depoimentos-da-defesa\/#primaryimage"},"thumbnailUrl":"https:\/\/106fm.com.br\/site\/wp-content\/uploads\/2025\/06\/zaira-828x468.jpg.webp","keywords":["Caso Zaira"],"articleSection":["Destaque"],"inLanguage":"pt-BR","potentialAction":[{"@type":"CommentAction","name":"Comment","target":["https:\/\/106fm.com.br\/site\/segundo-dia-do-juri-do-caso-zaira-tem-inicio-com-novas-testemunhas-e-expectativa-de-depoimentos-da-defesa\/#respond"]}]},{"@type":"WebPage","@id":"https:\/\/106fm.com.br\/site\/segundo-dia-do-juri-do-caso-zaira-tem-inicio-com-novas-testemunhas-e-expectativa-de-depoimentos-da-defesa\/","url":"https:\/\/106fm.com.br\/site\/segundo-dia-do-juri-do-caso-zaira-tem-inicio-com-novas-testemunhas-e-expectativa-de-depoimentos-da-defesa\/","name":"Segundo dia do j\u00fari do Caso Zaira tem in\u00edcio com novas testemunhas e expectativa de depoimentos da defesa - 106 FM","isPartOf":{"@id":"https:\/\/106fm.com.br\/site\/#website"},"primaryImageOfPage":{"@id":"https:\/\/106fm.com.br\/site\/segundo-dia-do-juri-do-caso-zaira-tem-inicio-com-novas-testemunhas-e-expectativa-de-depoimentos-da-defesa\/#primaryimage"},"image":{"@id":"https:\/\/106fm.com.br\/site\/segundo-dia-do-juri-do-caso-zaira-tem-inicio-com-novas-testemunhas-e-expectativa-de-depoimentos-da-defesa\/#primaryimage"},"thumbnailUrl":"https:\/\/106fm.com.br\/site\/wp-content\/uploads\/2025\/06\/zaira-828x468.jpg.webp","datePublished":"2025-06-03T13:19:11+00:00","dateModified":"2025-06-03T22:37:30+00:00","breadcrumb":{"@id":"https:\/\/106fm.com.br\/site\/segundo-dia-do-juri-do-caso-zaira-tem-inicio-com-novas-testemunhas-e-expectativa-de-depoimentos-da-defesa\/#breadcrumb"},"inLanguage":"pt-BR","potentialAction":[{"@type":"ReadAction","target":["https:\/\/106fm.com.br\/site\/segundo-dia-do-juri-do-caso-zaira-tem-inicio-com-novas-testemunhas-e-expectativa-de-depoimentos-da-defesa\/"]}]},{"@type":"ImageObject","inLanguage":"pt-BR","@id":"https:\/\/106fm.com.br\/site\/segundo-dia-do-juri-do-caso-zaira-tem-inicio-com-novas-testemunhas-e-expectativa-de-depoimentos-da-defesa\/#primaryimage","url":"https:\/\/106fm.com.br\/site\/wp-content\/uploads\/2025\/06\/zaira-828x468.jpg.webp","contentUrl":"https:\/\/106fm.com.br\/site\/wp-content\/uploads\/2025\/06\/zaira-828x468.jpg.webp","width":828,"height":468},{"@type":"BreadcrumbList","@id":"https:\/\/106fm.com.br\/site\/segundo-dia-do-juri-do-caso-zaira-tem-inicio-com-novas-testemunhas-e-expectativa-de-depoimentos-da-defesa\/#breadcrumb","itemListElement":[{"@type":"ListItem","position":1,"name":"In\u00edcio","item":"https:\/\/106fm.com.br\/site\/"},{"@type":"ListItem","position":2,"name":"Segundo dia do j\u00fari do Caso Zaira tem in\u00edcio com novas testemunhas e expectativa de depoimentos da defesa"}]},{"@type":"WebSite","@id":"https:\/\/106fm.com.br\/site\/#website","url":"https:\/\/106fm.com.br\/site\/","name":"106 FM","description":"A 106FM \u00e9 a voz do Serid\u00f3 desde 2003, oferecendo uma programa\u00e7\u00e3o diversificada de m\u00fasicas, not\u00edcias e entrevistas. Localizada em Citco-Ra, a r\u00e1dio promove eventos e campanhas, conectando a comunidade com credibilidade e entretenimento de qualidade. Sintonize para uma experi\u00eancia enriquecedora!","publisher":{"@id":"https:\/\/106fm.com.br\/site\/#organization"},"potentialAction":[{"@type":"SearchAction","target":{"@type":"EntryPoint","urlTemplate":"https:\/\/106fm.com.br\/site\/?s={search_term_string}"},"query-input":"required name=search_term_string"}],"inLanguage":"pt-BR"},{"@type":"Organization","@id":"https:\/\/106fm.com.br\/site\/#organization","name":"R\u00e1dio Solidariedade 106 FM","url":"https:\/\/106fm.com.br\/site\/","logo":{"@type":"ImageObject","inLanguage":"pt-BR","@id":"https:\/\/106fm.com.br\/site\/#\/schema\/logo\/image\/","url":"https:\/\/106fm.com.br\/site\/wp-content\/uploads\/2024\/06\/106FM.png","contentUrl":"https:\/\/106fm.com.br\/site\/wp-content\/uploads\/2024\/06\/106FM.png","width":1582,"height":762,"caption":"R\u00e1dio Solidariedade 106 FM"},"image":{"@id":"https:\/\/106fm.com.br\/site\/#\/schema\/logo\/image\/"},"sameAs":["https:\/\/www.facebook.com\/106fmcaico","https:\/\/www.instagram.com\/106fmcaico"]},{"@type":"Person","@id":"https:\/\/106fm.com.br\/site\/#\/schema\/person\/98401c099e583e80d51ee4aa6177cf74","name":"Reda\u00e7\u00e3o","image":{"@type":"ImageObject","inLanguage":"pt-BR","@id":"https:\/\/106fm.com.br\/site\/#\/schema\/person\/image\/","url":"https:\/\/secure.gravatar.com\/avatar\/856a147778c2d7ddd77dc5fd8943c4d02b1fd4cc9724bb34f1715314c2db6e1e?s=96&d=mm&r=g","contentUrl":"https:\/\/secure.gravatar.com\/avatar\/856a147778c2d7ddd77dc5fd8943c4d02b1fd4cc9724bb34f1715314c2db6e1e?s=96&d=mm&r=g","caption":"Reda\u00e7\u00e3o"},"url":"https:\/\/106fm.com.br\/site\/author\/redacao\/"}]}},"_links":{"self":[{"href":"https:\/\/106fm.com.br\/site\/wp-json\/wp\/v2\/posts\/1114","targetHints":{"allow":["GET"]}}],"collection":[{"href":"https:\/\/106fm.com.br\/site\/wp-json\/wp\/v2\/posts"}],"about":[{"href":"https:\/\/106fm.com.br\/site\/wp-json\/wp\/v2\/types\/post"}],"author":[{"embeddable":true,"href":"https:\/\/106fm.com.br\/site\/wp-json\/wp\/v2\/users\/5"}],"replies":[{"embeddable":true,"href":"https:\/\/106fm.com.br\/site\/wp-json\/wp\/v2\/comments?post=1114"}],"version-history":[{"count":3,"href":"https:\/\/106fm.com.br\/site\/wp-json\/wp\/v2\/posts\/1114\/revisions"}],"predecessor-version":[{"id":1123,"href":"https:\/\/106fm.com.br\/site\/wp-json\/wp\/v2\/posts\/1114\/revisions\/1123"}],"wp:featuredmedia":[{"embeddable":true,"href":"https:\/\/106fm.com.br\/site\/wp-json\/wp\/v2\/media\/1115"}],"wp:attachment":[{"href":"https:\/\/106fm.com.br\/site\/wp-json\/wp\/v2\/media?parent=1114"}],"wp:term":[{"taxonomy":"category","embeddable":true,"href":"https:\/\/106fm.com.br\/site\/wp-json\/wp\/v2\/categories?post=1114"},{"taxonomy":"post_tag","embeddable":true,"href":"https:\/\/106fm.com.br\/site\/wp-json\/wp\/v2\/tags?post=1114"}],"curies":[{"name":"wp","href":"https:\/\/api.w.org\/{rel}","templated":true}]}}